{"id":3095,"date":"2025-04-17T12:19:42","date_gmt":"2025-04-17T16:19:42","guid":{"rendered":"https:\/\/biologia.utalca.cl\/icb\/?p=3095"},"modified":"2025-04-17T12:19:42","modified_gmt":"2025-04-17T16:19:42","slug":"jornada-inaugural-del-magister-en-bioquimica-y-biologia-molecular","status":"publish","type":"post","link":"https:\/\/biologia.utalca.cl\/icb\/?p=3095","title":{"rendered":"Jornada Inaugural del Mag\u00edster en Bioqu\u00edmica y Biolog\u00eda Molecular"},"content":{"rendered":"<div class=\"xdj266r x11i5rnm xat24cr x1mh8g0r x1vvkbs x126k92a\">\n<div dir=\"auto\"><img class=\"size-medium wp-image-3097 alignleft\" src=\"https:\/\/biologia.utalca.cl\/icb\/wp-content\/uploads\/2025\/04\/5-300x225.jpg\" alt=\"\" width=\"300\" height=\"225\" srcset=\"https:\/\/biologia.utalca.cl\/icb\/wp-content\/uploads\/2025\/04\/5-200x150.jpg 200w, https:\/\/biologia.utalca.cl\/icb\/wp-content\/uploads\/2025\/04\/5-300x225.jpg 300w, https:\/\/biologia.utalca.cl\/icb\/wp-content\/uploads\/2025\/04\/5-400x300.jpg 400w, https:\/\/biologia.utalca.cl\/icb\/wp-content\/uploads\/2025\/04\/5-600x450.jpg 600w, https:\/\/biologia.utalca.cl\/icb\/wp-content\/uploads\/2025\/04\/5-768x576.jpg 768w, https:\/\/biologia.utalca.cl\/icb\/wp-content\/uploads\/2025\/04\/5-800x600.jpg 800w, https:\/\/biologia.utalca.cl\/icb\/wp-content\/uploads\/2025\/04\/5-1024x768.jpg 1024w, https:\/\/biologia.utalca.cl\/icb\/wp-content\/uploads\/2025\/04\/5-1200x900.jpg 1200w, https:\/\/biologia.utalca.cl\/icb\/wp-content\/uploads\/2025\/04\/5-1536x1152.jpg 1536w\" sizes=\"(max-width: 300px) 100vw, 300px\" \/>Hace unos d\u00edas se realiz\u00f3 la Jornada Inaugural del Mag\u00edster en Bioqu\u00edmica y Biolog\u00eda Molecular de la Universidad de Talca. Instancia en la que estuvo presente el director de ICB, el Dr. Sim\u00f3n Ruiz, junto al director del programa de Mag\u00edster, el Dr. Ra\u00fal Herrera, el Comit\u00e9 Acad\u00e9mico, profesores y estudiantes.<\/div>\n<div dir=\"auto\"><\/div>\n<\/div>\n<div class=\"x11i5rnm xat24cr x1mh8g0r x1vvkbs xtlvy1s x126k92a\">\n<div dir=\"auto\"><\/div>\n<\/div>\n<div class=\"x11i5rnm xat24cr x1mh8g0r x1vvkbs xtlvy1s x126k92a\">\n<div dir=\"auto\"><\/div>\n<div dir=\"auto\">En la actividad, particip\u00f3 el Dr. Marcelo L\u00f3pez Lastra, acad\u00e9mico de la P. Universidad Cat\u00f3lica de Chile, quien dict\u00f3 la charla \u00abEntendiendo al traductor lo que nos ense\u00f1a el ARN viral\u00bb.<\/div>\n<div dir=\"auto\"><\/div>\n<div dir=\"auto\"><\/div>\n<\/div>\n<div class=\"x11i5rnm xat24cr x1mh8g0r x1vvkbs xtlvy1s x126k92a\">\n<div dir=\"auto\"><\/div>\n<div dir=\"auto\">El Dr. L\u00f3pez ha sido reconocido a nivel nacional e internacional por sus aportes a la investigaci\u00f3n de los mecanismos moleculares en la respuesta viral. Y adem\u00e1s, ha ejercido roles en la organizaci\u00f3n y gesti\u00f3n del sistema cient\u00edfico nacional, destac\u00e1ndose como presidente de la Sociedad de Bioqu\u00edmica y Biolog\u00eda Molecular de Chile.<\/div>\n<\/div>\n<div dir=\"auto\"><\/div>\n<div dir=\"auto\"><\/div>\n<div dir=\"auto\"><\/div>\n","protected":false},"excerpt":{"rendered":"<p>Hace unos d\u00edas se realiz\u00f3 la Jornada Inaugural del Mag\u00edster [&hellip;]<\/p>\n","protected":false},"author":3,"featured_media":3096,"comment_status":"open","ping_status":"open","sticky":false,"template":"","format":"standard","meta":[],"categories":[4],"tags":[],"_links":{"self":[{"href":"https:\/\/biologia.utalca.cl\/icb\/index.php?rest_route=\/wp\/v2\/posts\/3095"}],"collection":[{"href":"https:\/\/biologia.utalca.cl\/icb\/index.php?rest_route=\/wp\/v2\/posts"}],"about":[{"href":"https:\/\/biologia.utalca.cl\/icb\/index.php?rest_route=\/wp\/v2\/types\/post"}],"author":[{"embeddable":true,"href":"https:\/\/biologia.utalca.cl\/icb\/index.php?rest_route=\/wp\/v2\/users\/3"}],"replies":[{"embeddable":true,"href":"https:\/\/biologia.utalca.cl\/icb\/index.php?rest_route=%2Fwp%2Fv2%2Fcomments&post=3095"}],"version-history":[{"count":4,"href":"https:\/\/biologia.utalca.cl\/icb\/index.php?rest_route=\/wp\/v2\/posts\/3095\/revisions"}],"predecessor-version":[{"id":3106,"href":"https:\/\/biologia.utalca.cl\/icb\/index.php?rest_route=\/wp\/v2\/posts\/3095\/revisions\/3106"}],"wp:featuredmedia":[{"embeddable":true,"href":"https:\/\/biologia.utalca.cl\/icb\/index.php?rest_route=\/wp\/v2\/media\/3096"}],"wp:attachment":[{"href":"https:\/\/biologia.utalca.cl\/icb\/index.php?rest_route=%2Fwp%2Fv2%2Fmedia&parent=3095"}],"wp:term":[{"taxonomy":"category","embeddable":true,"href":"https:\/\/biologia.utalca.cl\/icb\/index.php?rest_route=%2Fwp%2Fv2%2Fcategories&post=3095"},{"taxonomy":"post_tag","embeddable":true,"href":"https:\/\/biologia.utalca.cl\/icb\/index.php?rest_route=%2Fwp%2Fv2%2Ftags&post=3095"}],"curies":[{"name":"wp","href":"https:\/\/api.w.org\/{rel}","templated":true}]}}