{"id":3191,"date":"2025-06-19T12:20:20","date_gmt":"2025-06-19T16:20:20","guid":{"rendered":"https:\/\/biologia.utalca.cl\/icb\/?p=3191"},"modified":"2025-06-19T12:34:03","modified_gmt":"2025-06-19T16:34:03","slug":"ix-encuentro-cientifico-biologia-vegetal-y-biotecnologia-de-moleculas-a-ecosistemas","status":"publish","type":"post","link":"https:\/\/biologia.utalca.cl\/icb\/?p=3191","title":{"rendered":"IX Encuentro Cient\u00edfico Biolog\u00eda Vegetal y Biotecnolog\u00eda \u201cDe Mol\u00e9culas a Ecosistemas\u201d"},"content":{"rendered":"<div>\n<div>Les invitamos a participar del IX Encuentro Cient\u00edfico Biolog\u00eda Vegetal y Biotecnolog\u00eda \u201cDe Mol\u00e9culas a Ecosistemas\u201d, que se realizar\u00e1 desde el 24 al 26 septiembre de 2025, en el Auditorio \u201cEnrique Mac-Iver\u201d, Fac. Cs. Jur\u00eddicas y Sociales. Campus Talca, Universidad de Talca, Chile. La actividad contar\u00e1 con la participaci\u00f3n de Investigadores Nacionales e Internacionales, Comunicaciones Libres (P\u00f3ster y Short Talks) y Mesas Redondas.<\/div>\n<\/div>\n<div>\n<div class=\"x14z9mp xat24cr x1lziwak x1vvkbs xtlvy1s x126k92a\">\n<ul>\n<li>Env\u00edo de res\u00famenes HASTA EL 15 DE AGOSTO\u00a0<strong>(Inscripciones aqu\u00ed:\u00a0<a href=\"https:\/\/docs.google.com\/forms\/d\/e\/1FAIpQLSepBpGey5y3HuOqZaUfqjk8h6bG0Fu9ZUr5kLR2VqWLQOobvA\/viewform\">Bienvenido (a) \/ Welcome<\/a>)<\/strong><\/li>\n<li>Inscripci\u00f3n gratuita<\/li>\n<li>Becas de estad\u00eda para estudiantes de pregrado y mag\u00edster que presenten trabajos y residan fuera de la regi\u00f3n del Maule<\/li>\n<\/ul>\n<\/div>\n<div class=\"x14z9mp xat24cr x1lziwak x1vvkbs xtlvy1s x126k92a\">\n<div dir=\"auto\"><\/div>\n<div dir=\"auto\">M\u00e1s informaciones: contactodigv@utalca.cl<\/div>\n<\/div>\n<div dir=\"auto\"><\/div>\n<div class=\"x14z9mp xat24cr x1lziwak x1vvkbs xtlvy1s x126k92a\">\n<div dir=\"auto\">\u00a1Les esperamos!<\/div>\n<\/div>\n<\/div>\n","protected":false},"excerpt":{"rendered":"<p>Les invitamos a participar del IX Encuentro Cient\u00edfico Biolog\u00eda Vegetal [&hellip;]<\/p>\n","protected":false},"author":3,"featured_media":3203,"comment_status":"open","ping_status":"open","sticky":false,"template":"","format":"standard","meta":[],"categories":[4],"tags":[],"_links":{"self":[{"href":"https:\/\/biologia.utalca.cl\/icb\/index.php?rest_route=\/wp\/v2\/posts\/3191"}],"collection":[{"href":"https:\/\/biologia.utalca.cl\/icb\/index.php?rest_route=\/wp\/v2\/posts"}],"about":[{"href":"https:\/\/biologia.utalca.cl\/icb\/index.php?rest_route=\/wp\/v2\/types\/post"}],"author":[{"embeddable":true,"href":"https:\/\/biologia.utalca.cl\/icb\/index.php?rest_route=\/wp\/v2\/users\/3"}],"replies":[{"embeddable":true,"href":"https:\/\/biologia.utalca.cl\/icb\/index.php?rest_route=%2Fwp%2Fv2%2Fcomments&post=3191"}],"version-history":[{"count":4,"href":"https:\/\/biologia.utalca.cl\/icb\/index.php?rest_route=\/wp\/v2\/posts\/3191\/revisions"}],"predecessor-version":[{"id":3204,"href":"https:\/\/biologia.utalca.cl\/icb\/index.php?rest_route=\/wp\/v2\/posts\/3191\/revisions\/3204"}],"wp:featuredmedia":[{"embeddable":true,"href":"https:\/\/biologia.utalca.cl\/icb\/index.php?rest_route=\/wp\/v2\/media\/3203"}],"wp:attachment":[{"href":"https:\/\/biologia.utalca.cl\/icb\/index.php?rest_route=%2Fwp%2Fv2%2Fmedia&parent=3191"}],"wp:term":[{"taxonomy":"category","embeddable":true,"href":"https:\/\/biologia.utalca.cl\/icb\/index.php?rest_route=%2Fwp%2Fv2%2Fcategories&post=3191"},{"taxonomy":"post_tag","embeddable":true,"href":"https:\/\/biologia.utalca.cl\/icb\/index.php?rest_route=%2Fwp%2Fv2%2Ftags&post=3191"}],"curies":[{"name":"wp","href":"https:\/\/api.w.org\/{rel}","templated":true}]}}