{"id":3224,"date":"2025-08-18T10:54:50","date_gmt":"2025-08-18T14:54:50","guid":{"rendered":"https:\/\/biologia.utalca.cl\/icb\/?p=3224"},"modified":"2025-08-19T13:44:39","modified_gmt":"2025-08-19T17:44:39","slug":"ix-encuentro-cientifico-biologia-vegetal-y-biotecnologia-de-moleculas-a-ecosistemas_nueva-fecha-de-envio-de-resumenes","status":"publish","type":"post","link":"https:\/\/biologia.utalca.cl\/icb\/?p=3224","title":{"rendered":"Nueva fecha de Env\u00edo de Res\u00famenes: hasta el lunes 25 de agosto"},"content":{"rendered":"<div class=\"xdj266r x14z9mp xat24cr x1lziwak x1vvkbs x126k92a\">\n<div dir=\"auto\">IX Encuentro Cient\u00edfico Biolog\u00eda Vegetal y Biotecnolog\u00eda \u201cDe Mol\u00e9culas a Ecosistemas\u201d<\/div>\n<\/div>\n<div class=\"x14z9mp xat24cr x1lziwak x1vvkbs xtlvy1s x126k92a\">\n<div dir=\"auto\"><\/div>\n<div dir=\"auto\">Nueva fecha de Env\u00edo de Res\u00famenes: hasta el lunes 25 de agosto.\u00a0<strong>Inscr\u00edbete aqu\u00ed:\u00a0<a href=\"https:\/\/docs.google.com\/forms\/d\/e\/1FAIpQLSepBpGey5y3HuOqZaUfqjk8h6bG0Fu9ZUr5kLR2VqWLQOobvA\/viewform\">Bienvenido (a) \/ Welcome<\/a><\/strong><\/div>\n<\/div>\n<div class=\"x14z9mp xat24cr x1lziwak x1vvkbs xtlvy1s x126k92a\">\n<div dir=\"auto\">Inscripci\u00f3n gratuita<\/div>\n<\/div>\n<div class=\"x14z9mp xat24cr x1lziwak x1vvkbs xtlvy1s x126k92a\">\n<div dir=\"auto\">Becas de estad\u00eda para estudiantes de pregrado y mag\u00edster que presenten trabajos y residan fuera de la regi\u00f3n del Maule<\/div>\n<\/div>\n<div class=\"x14z9mp xat24cr x1lziwak x1vvkbs xtlvy1s x126k92a\">\n<div dir=\"auto\">24 \u2013 26 septiembre 2025<\/div>\n<div dir=\"auto\">Auditorio \u201cEnrique Mac-Iver\u201d, Fac. Cs. Jur\u00eddicas y Sociales. Campus Talca, Universidad de Talca, Chile.<\/div>\n<\/div>\n<div class=\"x14z9mp xat24cr x1lziwak x1vvkbs xtlvy1s x126k92a\">\n<div dir=\"auto\">contactodigv@utalca.cl<\/div>\n<\/div>\n<div class=\"x14z9mp xat24cr x1lziwak x1vvkbs xtlvy1s x126k92a\">\n<div dir=\"auto\"><\/div>\n<div dir=\"auto\">\u00a1Les esperamos!<\/div>\n<\/div>\n","protected":false},"excerpt":{"rendered":"<p>IX Encuentro Cient\u00edfico Biolog\u00eda Vegetal y Biotecnolog\u00eda \u201cDe Mol\u00e9culas a [&hellip;]<\/p>\n","protected":false},"author":3,"featured_media":3225,"comment_status":"open","ping_status":"open","sticky":false,"template":"","format":"standard","meta":[],"categories":[4],"tags":[],"_links":{"self":[{"href":"https:\/\/biologia.utalca.cl\/icb\/index.php?rest_route=\/wp\/v2\/posts\/3224"}],"collection":[{"href":"https:\/\/biologia.utalca.cl\/icb\/index.php?rest_route=\/wp\/v2\/posts"}],"about":[{"href":"https:\/\/biologia.utalca.cl\/icb\/index.php?rest_route=\/wp\/v2\/types\/post"}],"author":[{"embeddable":true,"href":"https:\/\/biologia.utalca.cl\/icb\/index.php?rest_route=\/wp\/v2\/users\/3"}],"replies":[{"embeddable":true,"href":"https:\/\/biologia.utalca.cl\/icb\/index.php?rest_route=%2Fwp%2Fv2%2Fcomments&post=3224"}],"version-history":[{"count":3,"href":"https:\/\/biologia.utalca.cl\/icb\/index.php?rest_route=\/wp\/v2\/posts\/3224\/revisions"}],"predecessor-version":[{"id":3230,"href":"https:\/\/biologia.utalca.cl\/icb\/index.php?rest_route=\/wp\/v2\/posts\/3224\/revisions\/3230"}],"wp:featuredmedia":[{"embeddable":true,"href":"https:\/\/biologia.utalca.cl\/icb\/index.php?rest_route=\/wp\/v2\/media\/3225"}],"wp:attachment":[{"href":"https:\/\/biologia.utalca.cl\/icb\/index.php?rest_route=%2Fwp%2Fv2%2Fmedia&parent=3224"}],"wp:term":[{"taxonomy":"category","embeddable":true,"href":"https:\/\/biologia.utalca.cl\/icb\/index.php?rest_route=%2Fwp%2Fv2%2Fcategories&post=3224"},{"taxonomy":"post_tag","embeddable":true,"href":"https:\/\/biologia.utalca.cl\/icb\/index.php?rest_route=%2Fwp%2Fv2%2Ftags&post=3224"}],"curies":[{"name":"wp","href":"https:\/\/api.w.org\/{rel}","templated":true}]}}