{"id":3231,"date":"2025-08-19T13:46:56","date_gmt":"2025-08-19T17:46:56","guid":{"rendered":"https:\/\/biologia.utalca.cl\/icb\/?p=3231"},"modified":"2025-08-19T13:46:56","modified_gmt":"2025-08-19T17:46:56","slug":"mesa-redonda-2-biotecnologia-aplicada-a-la-fruticultura-avances-y-desafios","status":"publish","type":"post","link":"https:\/\/biologia.utalca.cl\/icb\/?p=3231","title":{"rendered":"MESA REDONDA #2: \u201cBIOTECNOLOG\u00cdA APLICADA A LA FRUTICULTURA: AVANCES Y DESAF\u00cdOS\u201d"},"content":{"rendered":"<h2 class=\"entry-title fusion-post-title fusion-responsive-typography-calculated\" data-fontsize=\"32\" data-lineheight=\"41.6px\">MESA REDONDA #2: \u201cBIOTECNOLOG\u00cdA APLICADA A LA FRUTICULTURA: AVANCES Y DESAF\u00cdOS\u201d<\/h2>\n<div class=\"post-content\">\n<div class=\"xdj266r x14z9mp xat24cr x1lziwak x1vvkbs x126k92a\">\n<div dir=\"auto\">IX Encuentro Cient\u00edfico Biolog\u00eda Vegetal y Biotecnolog\u00eda \u201cDe Mol\u00e9culas a Ecosistemas\u201d<\/div>\n<\/div>\n<div class=\"x14z9mp xat24cr x1lziwak x1vvkbs xtlvy1s x126k92a\">\n<div dir=\"auto\">MESA REDONDA #2: \u201cBIOTECNOLOG\u00cdA APLICADA A LA FRUTICULTURA: AVANCES Y DESAF\u00cdOS\u201d<\/div>\n<\/div>\n<div class=\"x14z9mp xat24cr x1lziwak x1vvkbs xtlvy1s x126k92a\">\n<div dir=\"auto\"><\/div>\n<div dir=\"auto\">Panelistas:<\/div>\n<div dir=\"auto\"><span class=\"html-span xexx8yu xyri2b x18d9i69 x1c1uobl x1hl2dhg x16tdsg8 x1vvkbs x3nfvp2 x1j61x8r x1fcty0u xdj266r xat24cr xm2jcoa x1mpyi22 xxymvpz xlup9mm x1kky2od\"><img class=\"xz74otr x15mokao x1ga7v0g x16uus16 xbiv7yw\" src=\"https:\/\/static.xx.fbcdn.net\/images\/emoji.php\/v9\/t6b\/1\/16\/1f333.png\" alt=\"&#x1f333;\" width=\"16\" height=\"16\" \/><\/span>Dra. Lida Fuentes (CREAS)<\/div>\n<div dir=\"auto\"><span class=\"html-span xexx8yu xyri2b x18d9i69 x1c1uobl x1hl2dhg x16tdsg8 x1vvkbs x3nfvp2 x1j61x8r x1fcty0u xdj266r xat24cr xm2jcoa x1mpyi22 xxymvpz xlup9mm x1kky2od\"><img class=\"xz74otr x15mokao x1ga7v0g x16uus16 xbiv7yw\" src=\"https:\/\/static.xx.fbcdn.net\/images\/emoji.php\/v9\/t6b\/1\/16\/1f333.png\" alt=\"&#x1f333;\" width=\"16\" height=\"16\" \/><\/span>Dra. Lorena Pizarro (U. de O\u00b4Higgins)<\/div>\n<div dir=\"auto\"><span class=\"html-span xexx8yu xyri2b x18d9i69 x1c1uobl x1hl2dhg x16tdsg8 x1vvkbs x3nfvp2 x1j61x8r x1fcty0u xdj266r xat24cr xm2jcoa x1mpyi22 xxymvpz xlup9mm x1kky2od\"><img class=\"xz74otr x15mokao x1ga7v0g x16uus16 xbiv7yw\" src=\"https:\/\/static.xx.fbcdn.net\/images\/emoji.php\/v9\/t6b\/1\/16\/1f333.png\" alt=\"&#x1f333;\" width=\"16\" height=\"16\" \/><\/span>Dr. Javier Chilian (INIA Quilamapu)<\/div>\n<div dir=\"auto\"><span class=\"html-span xexx8yu xyri2b x18d9i69 x1c1uobl x1hl2dhg x16tdsg8 x1vvkbs x3nfvp2 x1j61x8r x1fcty0u xdj266r xat24cr xm2jcoa x1mpyi22 xxymvpz xlup9mm x1kky2od\"><img class=\"xz74otr x15mokao x1ga7v0g x16uus16 xbiv7yw\" src=\"https:\/\/static.xx.fbcdn.net\/images\/emoji.php\/v9\/t6b\/1\/16\/1f333.png\" alt=\"&#x1f333;\" width=\"16\" height=\"16\" \/><\/span>Dr. Sebasti\u00e1n Molinett (INIA La Cruz)<\/div>\n<\/div>\n<div class=\"x14z9mp xat24cr x1lziwak x1vvkbs xtlvy1s x126k92a\">\n<div dir=\"auto\">Modera: Dr. Carlos Figueroa, Universidad de Talca.<\/div>\n<\/div>\n<div class=\"x14z9mp xat24cr x1lziwak x1vvkbs xtlvy1s x126k92a\">\n<div dir=\"auto\"><\/div>\n<div dir=\"auto\">24 \u2013 26 septiembre 2025<\/div>\n<div dir=\"auto\">Auditorio \u201cEnrique Mac-Iver\u201d, Fac. Cs. Jur\u00eddicas y Sociales. Campus Talca, Universidad de Talca, Chile.<\/div>\n<div dir=\"auto\">contactodigv@utalca.cl<\/div>\n<\/div>\n<div class=\"x14z9mp xat24cr x1lziwak x1vvkbs xtlvy1s x126k92a\">\n<div dir=\"auto\"><\/div>\n<div dir=\"auto\">\u00a1Les esperamos!<\/div>\n<\/div>\n<\/div>\n","protected":false},"excerpt":{"rendered":"<p>MESA REDONDA #2: \u201cBIOTECNOLOG\u00cdA APLICADA A LA FRUTICULTURA: AVANCES Y [&hellip;]<\/p>\n","protected":false},"author":3,"featured_media":3232,"comment_status":"open","ping_status":"open","sticky":false,"template":"","format":"standard","meta":[],"categories":[4],"tags":[],"_links":{"self":[{"href":"https:\/\/biologia.utalca.cl\/icb\/index.php?rest_route=\/wp\/v2\/posts\/3231"}],"collection":[{"href":"https:\/\/biologia.utalca.cl\/icb\/index.php?rest_route=\/wp\/v2\/posts"}],"about":[{"href":"https:\/\/biologia.utalca.cl\/icb\/index.php?rest_route=\/wp\/v2\/types\/post"}],"author":[{"embeddable":true,"href":"https:\/\/biologia.utalca.cl\/icb\/index.php?rest_route=\/wp\/v2\/users\/3"}],"replies":[{"embeddable":true,"href":"https:\/\/biologia.utalca.cl\/icb\/index.php?rest_route=%2Fwp%2Fv2%2Fcomments&post=3231"}],"version-history":[{"count":1,"href":"https:\/\/biologia.utalca.cl\/icb\/index.php?rest_route=\/wp\/v2\/posts\/3231\/revisions"}],"predecessor-version":[{"id":3233,"href":"https:\/\/biologia.utalca.cl\/icb\/index.php?rest_route=\/wp\/v2\/posts\/3231\/revisions\/3233"}],"wp:featuredmedia":[{"embeddable":true,"href":"https:\/\/biologia.utalca.cl\/icb\/index.php?rest_route=\/wp\/v2\/media\/3232"}],"wp:attachment":[{"href":"https:\/\/biologia.utalca.cl\/icb\/index.php?rest_route=%2Fwp%2Fv2%2Fmedia&parent=3231"}],"wp:term":[{"taxonomy":"category","embeddable":true,"href":"https:\/\/biologia.utalca.cl\/icb\/index.php?rest_route=%2Fwp%2Fv2%2Fcategories&post=3231"},{"taxonomy":"post_tag","embeddable":true,"href":"https:\/\/biologia.utalca.cl\/icb\/index.php?rest_route=%2Fwp%2Fv2%2Ftags&post=3231"}],"curies":[{"name":"wp","href":"https:\/\/api.w.org\/{rel}","templated":true}]}}