{"id":3267,"date":"2025-08-28T12:21:34","date_gmt":"2025-08-28T16:21:34","guid":{"rendered":"https:\/\/biologia.utalca.cl\/icb\/?p=3267"},"modified":"2025-08-28T12:38:41","modified_gmt":"2025-08-28T16:38:41","slug":"asume-nuevo-director-en-el-instituto-de-ciencias-biologicas","status":"publish","type":"post","link":"https:\/\/biologia.utalca.cl\/icb\/?p=3267","title":{"rendered":"Asume nuevo director en el Instituto de Ciencias Biol\u00f3gicas"},"content":{"rendered":"<p><em>La nueva autoridad ejercer\u00e1 el cargo hasta agosto de 2028.<\/em><\/p>\n<p>&nbsp;<\/p>\n<p><img class=\"size-full wp-image-3268 alignleft\" src=\"https:\/\/biologia.utalca.cl\/icb\/wp-content\/uploads\/2025\/08\/MM1.jpg\" alt=\"\" width=\"225\" height=\"225\" srcset=\"https:\/\/biologia.utalca.cl\/icb\/wp-content\/uploads\/2025\/08\/MM1-66x66.jpg 66w, https:\/\/biologia.utalca.cl\/icb\/wp-content\/uploads\/2025\/08\/MM1-150x150.jpg 150w, https:\/\/biologia.utalca.cl\/icb\/wp-content\/uploads\/2025\/08\/MM1-200x200.jpg 200w, https:\/\/biologia.utalca.cl\/icb\/wp-content\/uploads\/2025\/08\/MM1.jpg 225w\" sizes=\"(max-width: 225px) 100vw, 225px\" \/>El 08 de agosto de 2025, el Consejo Superior de la Universidad de Talca, ratific\u00f3 al candidato electo, el Dr. Marco A. Molina-Montenegro, como nuevo director del Instituto de Ciencias Biol\u00f3gicas. Finalizando as\u00ed, la direcci\u00f3n de su antecesor, el Dr. Sim\u00f3n Ruiz, quien cumpli\u00f3 dos periodos al frente del ICB.<\/p>\n<p>El instituto re\u00fane a un grupo de acad\u00e9micos, dedicados al desarrollo de la investigaci\u00f3n cient\u00edfica en ciencias biol\u00f3gicas, formaci\u00f3n de recursos humanos avanzados en ciencia y tecnolog\u00eda, junto a la ense\u00f1anza y divulgaci\u00f3n de las ciencias biol\u00f3gicas al interior de la Casa de Estudios y de su entorno.<\/p>\n<p>La nueva autoridad observ\u00f3 que la gesti\u00f3n que le corresponder\u00e1 encabezar, \u201cse desarrollar\u00e1 con un car\u00e1cter representativo y altamente participativo, debido a que su gesti\u00f3n estar\u00e1 acompa\u00f1ada de un Consejo conformado por representantes de los distintos estamentos de la unidad acad\u00e9mica\u201d, indic\u00f3 Molina-Montenegro, reconocido por su investigaci\u00f3n en ecolog\u00eda y biolog\u00eda de microorganismos. Quien recientemente integr\u00f3 investigaciones multidisciplinares sobre los vac\u00edos existentes y desaf\u00edos futuros de los ambientes extremos, as\u00ed como el rol de los microorganismos en la mantenci\u00f3n de la biodiversidad. Investigaciones publicadas por la Revista Science y Nature, entre otras.<\/p>\n<p><img class=\"size-full wp-image-3269 alignright\" src=\"https:\/\/biologia.utalca.cl\/icb\/wp-content\/uploads\/2025\/08\/MM2.jpg\" alt=\"\" width=\"275\" height=\"183\" srcset=\"https:\/\/biologia.utalca.cl\/icb\/wp-content\/uploads\/2025\/08\/MM2-200x133.jpg 200w, https:\/\/biologia.utalca.cl\/icb\/wp-content\/uploads\/2025\/08\/MM2.jpg 275w\" sizes=\"(max-width: 275px) 100vw, 275px\" \/>Entre los desaf\u00edos de su gesti\u00f3n, la nueva autoridad mencion\u00f3 \u201cmi direcci\u00f3n se caracterizar\u00e1 por ser una gesti\u00f3n \u00e1gil y din\u00e1mica, con un car\u00e1cter participativo, posicionando a nuestra unidad acad\u00e9mica como un actor relevante en la discusi\u00f3n interna y el desarrollo de la universidad\u201d, subray\u00f3 y asever\u00f3 la importancia de promover nuevos programas de postgrado, estudiar la creaci\u00f3n de una nueva carrera de pregrado y promover la investigaci\u00f3n y la innovaci\u00f3n a partir de grupos consolidados de investigaci\u00f3n, m\u00e1s que investigadores aislados.<\/p>\n<p>Por otro lado, recalc\u00f3 que el foco transversal de su gesti\u00f3n estar\u00e1 en \u201cponer los esfuerzos en potenciar un buen clima laboral, es decir, generar un espacio de trabajo donde cada uno de los miembros del Instituto puedan trabajar de manera grata, con respeto y sentirse parte importante de la unidad\u201d.<\/p>\n<p>Cabe destacar que, como parte de su trayectoria, el Dr. Marco Molina-Montenegro, desde el a\u00f1o 2019 es profesor titular, ejerci\u00f3 el cargo de Vicerrector Acad\u00e9mico de la Universidad de Talca en el per\u00edodo 2019-2022, desde el a\u00f1o 2022 dirige el Centro de Ecolog\u00eda Integrativa de la Casa de Estudios y anteriormente ejerci\u00f3 la direcci\u00f3n del Instituto de Ciencias Biol\u00f3gicas en el periodo 2018-2019.<\/p>\n<p>&nbsp;<\/p>\n<p><strong>Gesti\u00f3n saliente <\/strong><\/p>\n<p>Por su parte, a modo de balance, el Dr. Sim\u00f3n Ruiz destac\u00f3 los aspectos que marcaron su gesti\u00f3n. \u201cEn lo que respecta a estructura social, se recuperaron tres plazas que hab\u00edan quedado vacantes, se incorporaron nuevos acad\u00e9micos docentes\u00a0y nuevos equipos de gesti\u00f3n administrativa. La Carrera de Bioqu\u00edmica fue incorporada en forma plena al Instituto y se cre\u00f3 un nuevo Programa de Magister en Bioqu\u00edmica y Biolog\u00eda Molecular, lo cual fortaleci\u00f3 el Instituto\u201d.<\/p>\n<p>En cuanto a la infraestructura, Ruiz destac\u00f3 el crecimiento de la unidad a partir del mejoramiento en los espacios de laboratorios de investigaci\u00f3n y la construcci\u00f3n de dos nuevos laboratorios.<\/p>\n<p>Y agreg\u00f3 que, \u201cen Investigaci\u00f3n, destaco los proyectos adjudicados de alta competitividad y las tasas de publicaciones en el cuartil Q1, las que han aumentado cada a\u00f1o. En Vinculaci\u00f3n se acrecentaron las visitas para los estudiantes de la comunidad, con espacios como talleres, muestras (Herbario) y charlas. Comunicacionalmente, se visibiliz\u00f3 significativamente el quehacer del Instituto. Y finalmente, en Vinculaci\u00f3n Internacional de colaboraci\u00f3n cient\u00edfica se contrajeron dos nuevos convenios y se renovaron tres convenios con Centros de Investigaci\u00f3n o Universidades\u201d.<\/p>\n<p>\u201cTodas estas acciones y realizaciones no habr\u00edan sido posible sin la colaboraci\u00f3n permanente de todos los integrantes del Instituto\u201d, concluy\u00f3 la saliente autoridad.<\/p>\n<p>&nbsp;<\/p>\n","protected":false},"excerpt":{"rendered":"<p>La nueva autoridad ejercer\u00e1 el cargo hasta agosto de 2028. [&hellip;]<\/p>\n","protected":false},"author":3,"featured_media":3273,"comment_status":"open","ping_status":"open","sticky":false,"template":"","format":"standard","meta":[],"categories":[4],"tags":[],"_links":{"self":[{"href":"https:\/\/biologia.utalca.cl\/icb\/index.php?rest_route=\/wp\/v2\/posts\/3267"}],"collection":[{"href":"https:\/\/biologia.utalca.cl\/icb\/index.php?rest_route=\/wp\/v2\/posts"}],"about":[{"href":"https:\/\/biologia.utalca.cl\/icb\/index.php?rest_route=\/wp\/v2\/types\/post"}],"author":[{"embeddable":true,"href":"https:\/\/biologia.utalca.cl\/icb\/index.php?rest_route=\/wp\/v2\/users\/3"}],"replies":[{"embeddable":true,"href":"https:\/\/biologia.utalca.cl\/icb\/index.php?rest_route=%2Fwp%2Fv2%2Fcomments&post=3267"}],"version-history":[{"count":4,"href":"https:\/\/biologia.utalca.cl\/icb\/index.php?rest_route=\/wp\/v2\/posts\/3267\/revisions"}],"predecessor-version":[{"id":3275,"href":"https:\/\/biologia.utalca.cl\/icb\/index.php?rest_route=\/wp\/v2\/posts\/3267\/revisions\/3275"}],"wp:featuredmedia":[{"embeddable":true,"href":"https:\/\/biologia.utalca.cl\/icb\/index.php?rest_route=\/wp\/v2\/media\/3273"}],"wp:attachment":[{"href":"https:\/\/biologia.utalca.cl\/icb\/index.php?rest_route=%2Fwp%2Fv2%2Fmedia&parent=3267"}],"wp:term":[{"taxonomy":"category","embeddable":true,"href":"https:\/\/biologia.utalca.cl\/icb\/index.php?rest_route=%2Fwp%2Fv2%2Fcategories&post=3267"},{"taxonomy":"post_tag","embeddable":true,"href":"https:\/\/biologia.utalca.cl\/icb\/index.php?rest_route=%2Fwp%2Fv2%2Ftags&post=3267"}],"curies":[{"name":"wp","href":"https:\/\/api.w.org\/{rel}","templated":true}]}}