{"id":3281,"date":"2025-09-04T11:44:23","date_gmt":"2025-09-04T15:44:23","guid":{"rendered":"https:\/\/biologia.utalca.cl\/icb\/?p=3281"},"modified":"2025-09-04T11:44:23","modified_gmt":"2025-09-04T15:44:23","slug":"convocatoria-2026-magister-en-ecologia-aplicada-universidad-de-talca","status":"publish","type":"post","link":"https:\/\/biologia.utalca.cl\/icb\/?p=3281","title":{"rendered":"Convocatoria 2026 Mag\u00edster en Ecolog\u00eda Aplicada Universidad de Talca"},"content":{"rendered":"<div>\n<div><\/div>\n<div>\n<p class=\"texto\"><strong>Descripci\u00f3n del Programa:<\/strong><\/p>\n<p class=\"texto\">Con \u00e9nfasis en el estudio cient\u00edfico de casos, experiencias de campo y desarrollo de un estudio de tesis, el programa de Mag\u00edster Acad\u00e9mico en Ecolog\u00eda Aplicada se propone formar estudiantes a trav\u00e9s de un proceso de aprendizaje respecto de la estructura y funci\u00f3n de los sistemas agr\u00edcolas y forestales, entendidos como sistemas abiertos relacionados con el entorno regional y global.<\/p>\n<\/div>\n<\/div>\n<div>\n<div>-Duraci\u00f3n 6 trimestres<\/div>\n<\/div>\n<div>\n<div>&#8211; Sede Talca<\/div>\n<\/div>\n<div>\n<div>&#8211; Modalidad Presencial<\/div>\n<\/div>\n<div><\/div>\n<div><\/div>\n<div>\n<div><strong>L\u00edneas de Investigaci\u00f3n:<\/strong><\/div>\n<\/div>\n<div>\n<div>&#8211; Conservaci\u00f3n y biodiversidad<\/div>\n<\/div>\n<div>\n<div>&#8211; Ecolog\u00eda de la protecci\u00f3n vegetal<\/div>\n<\/div>\n<div>\n<div>&#8211; Ecofisiolog\u00eda vegetal<\/div>\n<\/div>\n<div><\/div>\n<div>\n<div><strong>Fecha de postulaci\u00f3n:<\/strong><\/div>\n<div>hasta el 23 de enero de 2026<\/div>\n<\/div>\n<div><\/div>\n<div><\/div>\n<div>\n<div><strong>Contactos:<\/strong><\/div>\n<\/div>\n<div>\n<div>Claudio Ram\u00edrez Rivera<\/div>\n<\/div>\n<div>\n<div>Director del Programa<\/div>\n<\/div>\n<div>\n<div><a href=\"mailto:clramirez@utalca.cl\" target=\"_blank\" rel=\"noopener\">clramirez@utalca.cl<\/a><\/div>\n<\/div>\n<div>\n<div><\/div>\n<\/div>\n<div>\n<div>Roxana Guti\u00e9rrez Varas<\/div>\n<\/div>\n<div>\n<div>Asistente del Programa<\/div>\n<\/div>\n<div>\n<div><a href=\"mailto:rogutierrez@utalca.cl\" target=\"_blank\" rel=\"noopener\">rogutierrez@utalca.cl<\/a><\/div>\n<\/div>\n<div><\/div>\n<div><\/div>\n<div>\n<div><strong>Sitio Web:<\/strong><\/div>\n<div><a href=\"https:\/\/postgrado.utalca.cl\/programa\/magister-en-ecologia-aplicada\/\" target=\"_blank\" rel=\"noopener\" data-saferedirecturl=\"https:\/\/www.google.com\/url?q=https:\/\/postgrado.utalca.cl\/programa\/magister-en-ecologia-aplicada\/&amp;source=gmail&amp;ust=1757086806920000&amp;usg=AOvVaw1WiCMVYUgyWAy592gILfvr\">https:\/\/postgrado.utalca.cl\/programa\/magister-en-ecologia-aplicada\/<\/a><\/div>\n<\/div>\n","protected":false},"excerpt":{"rendered":"<p>Descripci\u00f3n del Programa: Con \u00e9nfasis en el estudio cient\u00edfico de [&hellip;]<\/p>\n","protected":false},"author":3,"featured_media":3282,"comment_status":"open","ping_status":"open","sticky":false,"template":"","format":"standard","meta":[],"categories":[4],"tags":[],"_links":{"self":[{"href":"https:\/\/biologia.utalca.cl\/icb\/index.php?rest_route=\/wp\/v2\/posts\/3281"}],"collection":[{"href":"https:\/\/biologia.utalca.cl\/icb\/index.php?rest_route=\/wp\/v2\/posts"}],"about":[{"href":"https:\/\/biologia.utalca.cl\/icb\/index.php?rest_route=\/wp\/v2\/types\/post"}],"author":[{"embeddable":true,"href":"https:\/\/biologia.utalca.cl\/icb\/index.php?rest_route=\/wp\/v2\/users\/3"}],"replies":[{"embeddable":true,"href":"https:\/\/biologia.utalca.cl\/icb\/index.php?rest_route=%2Fwp%2Fv2%2Fcomments&post=3281"}],"version-history":[{"count":2,"href":"https:\/\/biologia.utalca.cl\/icb\/index.php?rest_route=\/wp\/v2\/posts\/3281\/revisions"}],"predecessor-version":[{"id":3284,"href":"https:\/\/biologia.utalca.cl\/icb\/index.php?rest_route=\/wp\/v2\/posts\/3281\/revisions\/3284"}],"wp:featuredmedia":[{"embeddable":true,"href":"https:\/\/biologia.utalca.cl\/icb\/index.php?rest_route=\/wp\/v2\/media\/3282"}],"wp:attachment":[{"href":"https:\/\/biologia.utalca.cl\/icb\/index.php?rest_route=%2Fwp%2Fv2%2Fmedia&parent=3281"}],"wp:term":[{"taxonomy":"category","embeddable":true,"href":"https:\/\/biologia.utalca.cl\/icb\/index.php?rest_route=%2Fwp%2Fv2%2Fcategories&post=3281"},{"taxonomy":"post_tag","embeddable":true,"href":"https:\/\/biologia.utalca.cl\/icb\/index.php?rest_route=%2Fwp%2Fv2%2Ftags&post=3281"}],"curies":[{"name":"wp","href":"https:\/\/api.w.org\/{rel}","templated":true}]}}